{"id":243,"__str__":"Indica\u00e7\u00e3o n\u00ba 30 de 2021","link_detail_backend":"/materia/243","metadata":{},"numero":30,"ano":2021,"numero_protocolo":null,"data_apresentacao":"2021-08-29","tipo_apresentacao":"E","data_publicacao":null,"numero_origem_externa":"","ano_origem_externa":null,"data_origem_externa":null,"apelido":"","dias_prazo":null,"data_fim_prazo":null,"em_tramitacao":false,"polemica":false,"objeto":"","complementar":false,"ementa":"Indica\u00e7\u00e3o que disp\u00f5e que cumpridas as formalidades legais e regimentais, que seja enviado of\u00edcio Prefeitura Municipal do Ipojuca e Secretaria de Infraestrutura e Servi\u00e7os Municipais solicitando que realize uma adequa\u00e7\u00e3o e amplia\u00e7\u00e3o no Espa\u00e7o Artur Maroja, onde funciona a feirinha de artesanato de Porto de Galinhas, para que a \u00e1rea possa comportar tamb\u00e9m um Mercado P\u00fablico e um Centro Cultural, agregando mais valor e servi\u00e7os ao local, que j\u00e1 \u00e9 um ponto frequentado por turistas e visitantes.","indexacao":"","observacao":"","resultado":"","texto_original":"http://sapl.ipojuca.pe.leg.br/media/sapl/public/materialegislativa/2021/243/ind_030.pdf","data_ultima_atualizacao":"2022-06-01T15:33:18.161141-03:00","ip":"177.75.123.208","ultima_edicao":"2022-06-01T15:32:19.342249-03:00","tipo":7,"regime_tramitacao":1,"tipo_origem_externa":null,"local_origem_externa":null,"user":2,"anexadas":[],"autores":[13]}