{"id":432,"__str__":"Veto n\u00ba 7 de 2021","link_detail_backend":"/materia/432","metadata":{},"numero":7,"ano":2021,"numero_protocolo":null,"data_apresentacao":"2021-10-27","tipo_apresentacao":"E","data_publicacao":null,"numero_origem_externa":"","ano_origem_externa":null,"data_origem_externa":null,"apelido":"","dias_prazo":null,"data_fim_prazo":null,"em_tramitacao":false,"polemica":false,"objeto":"","complementar":false,"ementa":"De iniciativa do Poder Legislativo Municipal - Autoria do Vereador Paulo Jos\u00e9 do Nascimento -\"Denomina por Est\u00e1cio Jos\u00e9 da Silva, a nova Pra\u00e7a de Eventos no centro de Ipojuca, e d\u00e1 outras provid\u00eancias\".","indexacao":"","observacao":"","resultado":"","texto_original":"http://sapl.ipojuca.pe.leg.br/media/sapl/public/materialegislativa/2021/432/007_2021.pdf","data_ultima_atualizacao":"2022-06-06T09:49:16.468801-03:00","ip":"177.75.123.214","ultima_edicao":"2022-06-06T09:48:18.154373-03:00","tipo":6,"regime_tramitacao":1,"tipo_origem_externa":null,"local_origem_externa":null,"user":2,"anexadas":[],"autores":[16]}