{"id":524,"__str__":"Indica\u00e7\u00e3o n\u00ba 3 de 2020","link_detail_backend":"/materia/524","metadata":{},"numero":3,"ano":2020,"numero_protocolo":null,"data_apresentacao":"2020-02-03","tipo_apresentacao":"E","data_publicacao":null,"numero_origem_externa":"","ano_origem_externa":null,"data_origem_externa":null,"apelido":"","dias_prazo":null,"data_fim_prazo":null,"em_tramitacao":false,"polemica":false,"objeto":"","complementar":false,"ementa":"Indica\u00e7\u00e3o que disp\u00f5e que cumpridas as formalidades legais e regimentais, que seja enviado of\u00edcio a Excelent\u00edssima Senhora Prefeita C\u00e9lia Agostinho Lins de Sales e a Secret\u00e1ria de Infraestrutura e Servi\u00e7os P\u00fablicos, Giuliana Lins Cavalcanti, para que seja feita a troca da areia, bem como o fechamento em tela da quadra de areia onde fica localizado o parquinho infantil da Pra\u00e7a Afonso Luiz Soares em Camela.","indexacao":"","observacao":"","resultado":"","texto_original":"http://sapl.ipojuca.pe.leg.br/media/sapl/public/materialegislativa/2020/524/ind_03_2020.pdf","data_ultima_atualizacao":"2022-06-30T15:30:38.571093-03:00","ip":"131.100.21.242","ultima_edicao":"2022-06-30T15:29:28.061167-03:00","tipo":7,"regime_tramitacao":1,"tipo_origem_externa":null,"local_origem_externa":null,"user":2,"anexadas":[],"autores":[8]}