{"id":591,"__str__":"Projeto de Lei Ordin\u00e1ria n\u00ba 56 de 2019","link_detail_backend":"/materia/591","metadata":{},"numero":56,"ano":2019,"numero_protocolo":null,"data_apresentacao":"2019-09-25","tipo_apresentacao":"E","data_publicacao":null,"numero_origem_externa":"","ano_origem_externa":null,"data_origem_externa":null,"apelido":"","dias_prazo":null,"data_fim_prazo":null,"em_tramitacao":false,"polemica":false,"objeto":"","complementar":false,"ementa":"Denomina Pra\u00e7a do Jacar\u00e9\" a Pra\u00e7a que encontra se atualmente em constru\u00e7\u00e3o na comunidade do Merepe III, em Porto de Galinhas, no munic\u00edpio do Ipojuca, e d\u00e1 outras provid\u00eancias\"","indexacao":"","observacao":"","resultado":"","texto_original":"http://sapl.ipojuca.pe.leg.br/media/sapl/public/materialegislativa/2019/591/56_2019.pdf","data_ultima_atualizacao":"2022-07-01T10:34:17.835184-03:00","ip":"168.181.224.49","ultima_edicao":"2022-07-01T10:34:17.648782-03:00","tipo":1,"regime_tramitacao":1,"tipo_origem_externa":null,"local_origem_externa":null,"user":2,"anexadas":[],"autores":[13]}